{"id":633,"date":"2020-09-30T21:07:14","date_gmt":"2020-09-30T19:07:14","guid":{"rendered":"http:\/\/avogado.cz\/avobook\/?p=633"},"modified":"2020-10-23T16:00:33","modified_gmt":"2020-10-23T14:00:33","slug":"pribeh-kateriny-a-tomase-rozhodnuti-pujcit-si-vetsi-auto-jim-zachranilo-zivot","status":"publish","type":"post","link":"https:\/\/avogado.cz\/avobook\/2020\/09\/30\/pribeh-kateriny-a-tomase-rozhodnuti-pujcit-si-vetsi-auto-jim-zachranilo-zivot\/","title":{"rendered":"P\u0159\u00edb\u011bh Kate\u0159iny a Tom\u00e1\u0161e: Rozhodnut\u00ed p\u016fj\u010dit si v\u011bt\u0161\u00ed auto jim zachr\u00e1nilo \u017eivot"},"content":{"rendered":"\n<div style=\"height:20px\" aria-hidden=\"true\" class=\"wp-block-spacer\"><\/div>\n\n\n\n<p>Man\u017eel\u00e9 Kate\u0159ina a Tom\u00e1\u0161 se jedno sobotn\u00ed r\u00e1no vydali pro novou sk\u0159\u00ed\u0148. Po zv\u00e1\u017een\u00ed, \u017ee jejich vlastn\u00ed auto nen\u00ed dostate\u010dn\u011b velk\u00e9, se rozhodli p\u016fj\u010dit si transit. Oba se t\u011b\u0161ili na nov\u00fd n\u00e1bytek a po cest\u011b si o n\u011bm pov\u00eddali. A pak se to stalo. \u0158idi\u010d protijedouc\u00edho vozidla ne\u010dekan\u011b strhnul \u0159\u00edzen\u00ed a \u0159\u00edtil se \u010deln\u011b p\u0159\u00edmo na n\u011b. Pan\u00ed Kate\u0159ina byla v \u0161oku. Nestihla zareagovat. <\/p>\n\n\n\n<div style=\"height:20px\" aria-hidden=\"true\" class=\"wp-block-spacer\"><\/div>\n\n\n\n<p>N\u00e1sledky nehody byly hroziv\u00e9. Pan\u00ed Kate\u0159ina z\u016fstala zakl\u00edn\u011bn\u00e1 ve vozu s mnoho\u010detn\u00fdm poran\u011bn\u00edm, pana Tom\u00e1\u0161e n\u00e1raz vymr\u0161til p\u0159edn\u00edm sklem do p\u0159\u00edkopy. Podle Policie by v men\u0161\u00edm osobn\u00edm voze pravd\u011bpodobn\u011b nep\u0159e\u017eili, tak jako vin\u00edk dopravn\u00ed nehody. Spole\u010dn\u011b se l\u00e9\u010dili v\u00edce ne\u017e 2 roky a dodnes maj\u00ed trval\u00e9 n\u00e1sledky jak fyzick\u00e9, tak psychick\u00e9.<\/p>\n\n\n\n<div style=\"height:20px\" aria-hidden=\"true\" class=\"wp-block-spacer\"><\/div>\n\n\n\n<figure class=\"wp-block-gallery columns-1 is-cropped\"><ul class=\"blocks-gallery-grid\"><li class=\"blocks-gallery-item\"><figure><img loading=\"lazy\" width=\"1024\" height=\"324\" src=\"http:\/\/avogado.cz\/avobook\/wp-content\/uploads\/2020\/12\/Banner-Od\u0161kodn\u011bn\u00ed-Avobook-f-1024x324.png\" alt=\"\" data-id=\"676\" data-full-url=\"http:\/\/avogado.cz\/avobook\/wp-content\/uploads\/2020\/12\/Banner-Od\u0161kodn\u011bn\u00ed-Avobook-f.png\" data-link=\"http:\/\/avogado.cz\/avobook\/2020\/11\/06\/hever-1-cast-jak-spravne-prodat-starsi-auto\/banner-odskodneni-avobook-f-2\/\" class=\"wp-image-676\" srcset=\"https:\/\/avogado.cz\/avobook\/wp-content\/uploads\/2020\/12\/Banner-Od\u0161kodn\u011bn\u00ed-Avobook-f-1024x324.png 1024w, https:\/\/avogado.cz\/avobook\/wp-content\/uploads\/2020\/12\/Banner-Od\u0161kodn\u011bn\u00ed-Avobook-f-300x95.png 300w, https:\/\/avogado.cz\/avobook\/wp-content\/uploads\/2020\/12\/Banner-Od\u0161kodn\u011bn\u00ed-Avobook-f-768x243.png 768w, https:\/\/avogado.cz\/avobook\/wp-content\/uploads\/2020\/12\/Banner-Od\u0161kodn\u011bn\u00ed-Avobook-f-1536x487.png 1536w, https:\/\/avogado.cz\/avobook\/wp-content\/uploads\/2020\/12\/Banner-Od\u0161kodn\u011bn\u00ed-Avobook-f-600x190.png 600w, https:\/\/avogado.cz\/avobook\/wp-content\/uploads\/2020\/12\/Banner-Od\u0161kodn\u011bn\u00ed-Avobook-f.png 1600w\" sizes=\"(max-width: 1024px) 100vw, 1024px\" \/><\/figure><\/li><\/ul><\/figure>\n\n\n\n<div style=\"height:20px\" aria-hidden=\"true\" class=\"wp-block-spacer\"><\/div>\n\n\n\n<p>D\u016fle\u017eit\u00e9 bylo, \u017ee jsme p\u0159\u00edpad p\u0159evzali od po\u010d\u00e1tku a byli klient\u016fm v\u017edy po ruce. Dalo se p\u0159edpokl\u00e1dat, \u017ee l\u00e9\u010dba bude dlouh\u00e1 a n\u00e1ro\u010dn\u00e1. Proto jsme man\u017eel\u016fm neprodlen\u011b zajistili finan\u010dn\u00ed z\u00e1lohu. Pak jsme za\u0159\u00eddili znaleck\u00e9 posudky na bolestn\u00e9 i zt\u00ed\u017een\u00ed spole\u010densk\u00e9ho uplatn\u011bn\u00ed, vypo\u010detli v\u0161echny n\u00e1klady na cesty k doktor\u016fm, doplatky za l\u00e9ky a dal\u0161\u00ed. Po dlouh\u00fdch dohad\u00e1ch s poji\u0161\u0165ovnou i rentu pro pan\u00ed Kate\u0159inu. <\/p>\n\n\n\n<div style=\"height:20px\" aria-hidden=\"true\" class=\"wp-block-spacer\"><\/div>\n\n\n\n<p>Po celou dobu t\u0159\u00ed let jsme pr\u016fb\u011b\u017en\u011b zaji\u0161\u0165ovali ve\u0161ker\u00e9 n\u00e1roky a zpracov\u00e1vali dodate\u010dn\u00e9 posudky za opakovan\u00e9 operace. Celkem jsme vybojovali od\u0161kodn\u011bn\u00ed ve v\u00fd\u0161i <strong>3 018 205,- K\u010d.<\/strong><\/p>\n\n\n\n<div style=\"height:20px\" aria-hidden=\"true\" class=\"wp-block-spacer\"><\/div>\n\n\n\n<div class=\"wp-block-columns\">\n<div class=\"wp-block-column\" style=\"flex-basis:25%\"><\/div>\n\n\n\n<div class=\"wp-block-column\" style=\"flex-basis:50%\">\n<h2 class=\"has-text-align-center\">Celkem jsme vybojovali od\u0161kodn\u011bn\u00ed <strong>3 018 205,- K\u010d<em>.<\/em><\/strong><\/h2>\n<\/div>\n\n\n\n<div class=\"wp-block-column\" style=\"flex-basis:25%\"><\/div>\n<\/div>\n\n\n\n<div style=\"height:20px\" aria-hidden=\"true\" class=\"wp-block-spacer\"><\/div>\n\n\n\n<div class=\"wp-block-button\"><a class=\"wp-block-button__link has-text-color has-very-light-gray-color has-background no-border-radius\" href=\"https:\/\/avogado.cz\/odskodneni\/\" style=\"background-color:#251065\">ZDARMA POSOUDIT P\u0158\u00cdPAD<\/a><\/div>\n","protected":false},"excerpt":{"rendered":"<p>Man\u017eel\u00e9 Kate\u0159ina a Tom\u00e1\u0161 se jedno sobotn\u00ed r\u00e1no vydali pro novou sk\u0159\u00ed\u0148. Po zv\u00e1\u017een\u00ed, \u017ee jejich vlastn\u00ed auto nen\u00ed dostate\u010dn\u011b velk\u00e9, se rozhodli p\u016fj\u010dit si transit. Oba se t\u011b\u0161ili na nov\u00fd n\u00e1bytek a po cest\u011b si o n\u011bm pov\u00eddali. A pak se to stalo. \u0158idi\u010d protijedouc\u00edho vozidla ne\u010dekan\u011b strhnul \u0159\u00edzen\u00ed a \u0159\u00edtil se \u010deln\u011b p\u0159\u00edmo [&hellip;]<\/p>\n","protected":false},"author":3,"featured_media":634,"comment_status":"closed","ping_status":"closed","sticky":false,"template":"","format":"standard","meta":[],"categories":[15,13,10],"tags":[5,56,53,6,62,8],"_links":{"self":[{"href":"https:\/\/avogado.cz\/avobook\/wp-json\/wp\/v2\/posts\/633"}],"collection":[{"href":"https:\/\/avogado.cz\/avobook\/wp-json\/wp\/v2\/posts"}],"about":[{"href":"https:\/\/avogado.cz\/avobook\/wp-json\/wp\/v2\/types\/post"}],"author":[{"embeddable":true,"href":"https:\/\/avogado.cz\/avobook\/wp-json\/wp\/v2\/users\/3"}],"replies":[{"embeddable":true,"href":"https:\/\/avogado.cz\/avobook\/wp-json\/wp\/v2\/comments?post=633"}],"version-history":[{"count":8,"href":"https:\/\/avogado.cz\/avobook\/wp-json\/wp\/v2\/posts\/633\/revisions"}],"predecessor-version":[{"id":643,"href":"https:\/\/avogado.cz\/avobook\/wp-json\/wp\/v2\/posts\/633\/revisions\/643"}],"wp:featuredmedia":[{"embeddable":true,"href":"https:\/\/avogado.cz\/avobook\/wp-json\/wp\/v2\/media\/634"}],"wp:attachment":[{"href":"https:\/\/avogado.cz\/avobook\/wp-json\/wp\/v2\/media?parent=633"}],"wp:term":[{"taxonomy":"category","embeddable":true,"href":"https:\/\/avogado.cz\/avobook\/wp-json\/wp\/v2\/categories?post=633"},{"taxonomy":"post_tag","embeddable":true,"href":"https:\/\/avogado.cz\/avobook\/wp-json\/wp\/v2\/tags?post=633"}],"curies":[{"name":"wp","href":"https:\/\/api.w.org\/{rel}","templated":true}]}}