{"id":544,"date":"2020-04-03T13:23:49","date_gmt":"2020-04-03T11:23:49","guid":{"rendered":"http:\/\/avogado.cz\/avobook\/?p=544"},"modified":"2020-04-07T17:37:58","modified_gmt":"2020-04-07T15:37:58","slug":"prehled-financnich-nahrad-pro-osvc-a-mensi-firmy","status":"publish","type":"post","link":"https:\/\/avogado.cz\/avobook\/2020\/04\/03\/prehled-financnich-nahrad-pro-osvc-a-mensi-firmy\/","title":{"rendered":"P\u0159ehled finan\u010dn\u00edch n\u00e1hrad pro OSV\u010c a men\u0161\u00ed firmy"},"content":{"rendered":"\n<p>Ekonomick\u00e1 situace se m\u011bn\u00ed ze dne na den. Vl\u00e1da pr\u016fb\u011b\u017en\u011b schvaluje r\u016fzn\u00e9 finan\u010dn\u00ed n\u00e1hrady \u010di \u00falevy, a to moment\u00e1ln\u011b pro \u017eivnostn\u00edky a drobn\u00e9 podnikatele. V\u00edte, jak\u00e9 n\u00e1hrady to jsou? A jestli se v\u00e1s t\u00fdkaj\u00ed?<br><\/p>\n\n\n\n<div style=\"height:20px\" aria-hidden=\"true\" class=\"wp-block-spacer\"><\/div>\n\n\n\n<h3><strong>1. Bez\u00faro\u010dn\u00fd \u00fav\u011br COVID II.&nbsp;<\/strong><\/h3>\n\n\n\n<p>Z\u00e1ru\u010dn\u00ed program COVID II je ur\u010den \u017eivnostn\u00edk\u016fm a mal\u00fdm a st\u0159edn\u00edm podnikatel\u016fm k financov\u00e1n\u00ed provozu. Poskytuj\u00ed je komer\u010dn\u00ed banky a m\u016f\u017eete z n\u011bj financovat nap\u0159. n\u00e1klady na energie nebo mzdy zam\u011bstnanc\u016f.&nbsp; \u00dav\u011bry se poskytuj\u00ed v rozmez\u00ed od 10 tis. do 15 mil. korun. Prvn\u00ed kolo bylo uzav\u0159eno, ale druh\u00e9 se spou\u0161t\u00ed u\u017e 20.4.2020.&nbsp;<br><\/p>\n\n\n\n<p>V\u00edce informac\u00ed v\u010detn\u011b formul\u00e1\u0159\u016f a postupu najdete na <a href=\"https:\/\/www.cmzrb.cz\/podnikatele\/zaruky\/zaruka-covid-ii\/\">webu \u010cMRZB.&nbsp;<\/a><br><\/p>\n\n\n\n<div style=\"height:20px\" aria-hidden=\"true\" class=\"wp-block-spacer\"><\/div>\n\n\n\n<h3><strong>2. O\u0161et\u0159ovn\u00e9<\/strong><\/h3>\n\n\n\n<p>O o\u0161et\u0159ovn\u00e9 bude moci nov\u011b po\u017e\u00e1dat OSV\u010c pe\u010duj\u00edc\u00ed o d\u00edt\u011b nebo d\u011bti mlad\u0161\u00ed 13 let, kter\u00e9 nav\u0161t\u011bvuj\u00ed \u0161koly i jin\u00e1 d\u011btsk\u00e1 za\u0159\u00edzen\u00ed, kter\u00e1 jsou te\u010f uzav\u0159en\u00e1 kv\u016fli koronaviru. Nesm\u00ed v\u0161ak na stejn\u00e9 d\u00edt\u011b \u010derpat tuto dotaci nebo jin\u00fd kompenza\u010dn\u00ed p\u0159\u00edsp\u011bvek \u017e\u00e1dn\u00e1 jin\u00e1 osoba. O\u0161et\u0159ovn\u00e9 se bude vypl\u00e1cet ve v\u00fd\u0161i 424,- K\u010d na den a \u017e\u00e1dosti budou vy\u0159izovat \u017eivnostensk\u00e9 \u00fa\u0159ady.&nbsp;<br><\/p>\n\n\n\n<p>V\u00edce informac\u00ed v\u010detn\u011b formul\u00e1\u0159\u016f a postupu na <a href=\"https:\/\/osetrovne-osvc.plus4u.net\/info\/\">webu Ministerstva pr\u00e1ce a obchodu.<\/a><\/p>\n\n\n\n<div style=\"height:20px\" aria-hidden=\"true\" class=\"wp-block-spacer\"><\/div>\n\n\n\n<h3><strong>3. Podpora 25 tis\u00edc korun&nbsp;<\/strong><\/h3>\n\n\n\n<p>Jednor\u00e1zovou pomoc od st\u00e1tu ve v\u00fd\u0161i 25 000 K\u010d dostanou OSV\u010c, kter\u00e1 o ni po\u017e\u00e1daj\u00ed a prohl\u00e1s\u00ed spln\u011bn\u00ed n\u011bkolika z\u00e1kladn\u00edch po\u017eadavk\u016f.  \u017d\u00e1dost bude mo\u017en\u00e9 podat elektronicky, po\u0161tou nebo osobn\u00edm dod\u00e1n\u00edm do sb\u011brn\u00fdch box\u016f. Vy\u0159izovat je budou Finan\u010dn\u00ed \u00fa\u0159ady.\u00a0<br><\/p>\n\n\n\n<p>V\u00edce informac\u00ed o podm\u00ednk\u00e1ch a postupu na <a href=\"https:\/\/www.mfcr.cz\/cs\/aktualne\/tiskove-zpravy\/2020\/mf-spousti-primou-podporu-pro-zasazene-o-38055\">webu Finan\u010dn\u00ed spr\u00e1vy<\/a>.<\/p>\n\n\n\n<div style=\"height:20px\" aria-hidden=\"true\" class=\"wp-block-spacer\"><\/div>\n\n\n\n<h3><strong>4. Da\u0148ov\u00e9 \u00falevy<\/strong><\/h3>\n\n\n\n<p>D\u00edky tzv. liberaliza\u010dn\u00edmu bal\u00ed\u010dku maj\u00ed \u017eivnostn\u00edci n\u00e1rok podat da\u0148ov\u00e9 p\u0159izn\u00e1n\u00ed za rok 2019 a\u017e o t\u0159i m\u011bs\u00edce pozd\u011bji. D\u016fle\u017eit\u00e9 je zd\u016fraznit, \u017ee tato \u00faleva je automatick\u00e1 a nen\u00ed pot\u0159eba o ni \u017e\u00e1dat. \u00daleva se t\u00fdk\u00e1 i Vy\u00fa\u010dtov\u00e1n\u00ed sr\u00e1\u017ekov\u00e9 dan\u011b, kde je term\u00edn do 1.7.2020.&nbsp;<\/p>\n\n\n\n<p>Plo\u0161n\u011b budou prominuty taky \u010dervnov\u00e9 z\u00e1lohy na da\u0148 z p\u0159\u00edjm\u016f fyzick\u00fdch a pr\u00e1vnick\u00fdch osob. Nebude se hradit z\u00e1loha, ale neznamen\u00e1 to automatick\u00e9 prominut\u00ed dan\u011b.&nbsp;<br><\/p>\n\n\n\n<p>Podrobn\u00e9 informace o dan\u00edch najdete na <a href=\"https:\/\/www.financnisprava.cz\/cs\/financni-sprava\/novinky\/2020\/Pruvodce_pro_danove_poplatniky_v_souvislosti_s_koronavirem-10500\">webu Finan\u010dn\u00ed spr\u00e1vy<\/a>.<\/p>\n\n\n\n<div style=\"height:20px\" aria-hidden=\"true\" class=\"wp-block-spacer\"><\/div>\n\n\n\n<h3><strong>5. Odpu\u0161t\u011bn\u00ed z\u00e1loh na soci\u00e1ln\u00ed a zdravotn\u00ed poji\u0161t\u011bn\u00ed<\/strong><\/h3>\n\n\n\n<p>Finan\u010dn\u00ed n\u00e1plast\u00ed je tak\u00e9 schv\u00e1len\u00ed prominut\u00ed z\u00e1loh. V\u0161echny OSV\u010c bez ohledu na to, zda vykon\u00e1vaj\u00ed hlavn\u00ed, nebo vedlej\u0161\u00ed v\u00fdd\u011ble\u010dnou \u010dinnost, nemus\u00ed platit od b\u0159ezna do srpna 2020 z\u00e1lohy na soci\u00e1ln\u00ed a zdravotn\u00ed poji\u0161t\u011bn\u00ed.&nbsp; Jedn\u00e1 se o odpu\u0161t\u011bn\u00ed minim\u00e1ln\u00edch z\u00e1loh. Pokud odv\u00e1d\u00edte vy\u0161\u0161\u00ed z\u00e1lohy, p\u0159i vy\u00fa\u010dtov\u00e1n\u00ed za rok 2020 budete muset rozd\u00edl doplatit.&nbsp;<br><\/p>\n\n\n\n<p>Nov\u011b se odpou\u0161t\u00ed na p\u016fl roku v\u0161em \u017eivnostn\u00edk\u016fm taky platby povinn\u00e9ho d\u016fchodov\u00e9ho poji\u0161t\u011bn\u00ed.<\/p>\n\n\n\n<div style=\"height:20px\" aria-hidden=\"true\" class=\"wp-block-spacer\"><\/div>\n\n\n\n<h3><strong>6. Pozastaven\u00ed EET<\/strong><\/h3>\n\n\n\n<p>Podnikatel\u00e9 nebudou muset v\u00e9st elektronickou evidenci tr\u017eeb po dobu trv\u00e1n\u00ed nouzov\u00e9ho stavu a n\u00e1sleduj\u00edc\u00edch 3 m\u011bs\u00edc\u016f. Pozastavit EET budou moci v\u0161ichni, kter\u00fdch se evidence t\u00fdk\u00e1, a \u00fa\u0159edn\u00edci nebudou v tomto sm\u011bru podnikat \u017e\u00e1dn\u00e9 kontroly.&nbsp; Podnikatel\u00e9 z 3. a 4. vlny v t\u00e9to dob\u011b nemus\u00ed s evidenci za\u010d\u00ednat.<br><\/p>\n\n\n\n<p>V\u00edce informac\u00ed a postupy na <a href=\"https:\/\/www.etrzby.cz\/\">webu eTr\u017eeb<\/a>.&nbsp;<br><\/p>\n\n\n\n<div style=\"height:20px\" aria-hidden=\"true\" class=\"wp-block-spacer\"><\/div>\n\n\n\n<h3><strong>7. Plo\u0161n\u00e9 pozastaven\u00ed spl\u00e1tek \u00fav\u011br\u016f a hypot\u00e9k<\/strong><\/h3>\n\n\n\n<p>Nejen lid\u00e9, ale i firmy si budou si budou moci p\u0159eru\u0161it spl\u00e1tky na t\u0159i nebo \u0161est m\u011bs\u00edc\u016f. Odlo\u017een\u00ed je dobrovoln\u00e9 a nen\u00ed automatick\u00e9. Pokud t\u00e9to mo\u017enosti chcete vyu\u017e\u00edt, kontaktujte banku \u010di nebankovn\u00ed spole\u010dnost a oznamte jim, \u017ee mo\u017enosti odkladu z d\u016fvodu negativn\u00edho ekonomick\u00e9ho dopadu pandemie chcete vyu\u017e\u00edt. D\u016fvody v\u0161ak nemus\u00edte nijak prokazovat.<br><\/p>\n\n\n\n<p>D\u00e9lka spl\u00e1cen\u00ed \u00fav\u011bru se adekv\u00e1tn\u011b prodlou\u017e\u00ed o dobu, kdy bude spl\u00e1cen\u00ed p\u0159eru\u0161eno. Nav\u00edc tento odklad nebude zaps\u00e1n do registru.&nbsp;<br><\/p>\n\n\n\n<p>Pozor, mo\u017enost odkladu se nevztahuje na kreditn\u00ed karty, kontokorentn\u00ed \u00fav\u011bry, revolvingov\u00e9 \u00fav\u011bry, operativn\u00ed leasing nebo \u00fav\u011bry v souvislosti s obchody na kapit\u00e1lov\u00e9m trhu.<\/p>\n\n\n\n<div style=\"height:20px\" aria-hidden=\"true\" class=\"wp-block-spacer\"><\/div>\n\n\n\n<p><br>M\u00e1te zam\u011bstnance? P\u0159e\u010dt\u011bte si v\u00edc o podpo\u0159e firem a jejich zam\u011bstnanc\u016fm d\u00edky <a href=\"http:\/\/avogado.cz\/avobook\/2020\/03\/27\/vladni-program-antivirus-pomuze-firmam-udrzet-zamestnance\/\">programu Antivirus<\/a>. <\/p>\n\n\n\n<div style=\"height:20px\" aria-hidden=\"true\" class=\"wp-block-spacer\"><\/div>\n\n\n\n<div class=\"wp-block-button\"><a class=\"wp-block-button__link has-text-color has-very-light-gray-color has-background no-border-radius\" href=\"https:\/\/avogado.cz\/odskodneni\/\" style=\"background-color:#251065\">ZDARMA POSOUDIT P\u0158\u00cdPAD<\/a><\/div>\n","protected":false},"excerpt":{"rendered":"<p>Ekonomick\u00e1 situace se m\u011bn\u00ed ze dne na den. Vl\u00e1da pr\u016fb\u011b\u017en\u011b schvaluje r\u016fzn\u00e9 finan\u010dn\u00ed n\u00e1hrady \u010di \u00falevy, a to moment\u00e1ln\u011b pro \u017eivnostn\u00edky a drobn\u00e9 podnikatele. V\u00edte, jak\u00e9 n\u00e1hrady to jsou? A jestli se v\u00e1s t\u00fdkaj\u00ed? 1. Bez\u00faro\u010dn\u00fd \u00fav\u011br COVID II.&nbsp; Z\u00e1ru\u010dn\u00ed program COVID II je ur\u010den \u017eivnostn\u00edk\u016fm a mal\u00fdm a st\u0159edn\u00edm podnikatel\u016fm k financov\u00e1n\u00ed provozu. Poskytuj\u00ed [&hellip;]<\/p>\n","protected":false},"author":3,"featured_media":554,"comment_status":"closed","ping_status":"closed","sticky":false,"template":"","format":"standard","meta":[],"categories":[41,12],"tags":[50,51,38,47,49,7,36,42],"_links":{"self":[{"href":"https:\/\/avogado.cz\/avobook\/wp-json\/wp\/v2\/posts\/544"}],"collection":[{"href":"https:\/\/avogado.cz\/avobook\/wp-json\/wp\/v2\/posts"}],"about":[{"href":"https:\/\/avogado.cz\/avobook\/wp-json\/wp\/v2\/types\/post"}],"author":[{"embeddable":true,"href":"https:\/\/avogado.cz\/avobook\/wp-json\/wp\/v2\/users\/3"}],"replies":[{"embeddable":true,"href":"https:\/\/avogado.cz\/avobook\/wp-json\/wp\/v2\/comments?post=544"}],"version-history":[{"count":6,"href":"https:\/\/avogado.cz\/avobook\/wp-json\/wp\/v2\/posts\/544\/revisions"}],"predecessor-version":[{"id":562,"href":"https:\/\/avogado.cz\/avobook\/wp-json\/wp\/v2\/posts\/544\/revisions\/562"}],"wp:featuredmedia":[{"embeddable":true,"href":"https:\/\/avogado.cz\/avobook\/wp-json\/wp\/v2\/media\/554"}],"wp:attachment":[{"href":"https:\/\/avogado.cz\/avobook\/wp-json\/wp\/v2\/media?parent=544"}],"wp:term":[{"taxonomy":"category","embeddable":true,"href":"https:\/\/avogado.cz\/avobook\/wp-json\/wp\/v2\/categories?post=544"},{"taxonomy":"post_tag","embeddable":true,"href":"https:\/\/avogado.cz\/avobook\/wp-json\/wp\/v2\/tags?post=544"}],"curies":[{"name":"wp","href":"https:\/\/api.w.org\/{rel}","templated":true}]}}