{"id":405,"date":"2020-03-15T21:47:07","date_gmt":"2020-03-15T20:47:07","guid":{"rendered":"http:\/\/avogado.cz\/avobook\/?p=405"},"modified":"2020-03-15T21:48:10","modified_gmt":"2020-03-15T20:48:10","slug":"koronavirus-3-nejcastejsi-dotazy-na-ktere-se-nas-denne-ptate","status":"publish","type":"post","link":"https:\/\/avogado.cz\/avobook\/2020\/03\/15\/koronavirus-3-nejcastejsi-dotazy-na-ktere-se-nas-denne-ptate\/","title":{"rendered":"Koronavirus: 3 nej\u010dast\u011bj\u0161\u00ed dotazy, na kter\u00e9 se n\u00e1s denn\u011b pt\u00e1te"},"content":{"rendered":"\n<p>Dotazy ohledn\u011b Coronaviru se n\u00e1m mno\u017e\u00ed, a tak jsme pro v\u00e1s vybrali ty nej\u010dast\u011bj\u0161\u00ed. Jsme online, sv\u00e9 dotazy m\u016f\u017eete \u0159e\u0161it z domova\u00a0i p\u0159es p\u0159\u00edpadnou karant\u00e9nu. \u00a0 \u00a0\u00a0<\/p>\n\n\n\n<div style=\"height:50px\" aria-hidden=\"true\" class=\"wp-block-spacer\"><\/div>\n\n\n<h2><strong data-rich-text-format-boundary=\"true\">1.\u00a0Jak\u00e1 n\u00e1hrada mzdy n\u00e1le\u017e\u00ed zam\u011bstnanci, jeho\u017e zam\u011bstnavatel uzav\u0159el za\u0159\u00edzen\u00ed preventivn\u011b, ani\u017e by to na\u0159\u00eddila vl\u00e1da?<\/strong>\u00a0\u00a0<\/h2>\n\n\n<p>S ohledem na skute\u010dnost, \u017ee jde o uzav\u0159en\u00ed za\u0159\u00edzen\u00ed z rozhodnut\u00ed zam\u011bstnavatele, p\u016fjde v tomto p\u0159\u00edpad\u011b o p\u0159ek\u00e1\u017eku na stran\u011b zam\u011bstnavatele. V ust. \u00a7 208 z\u00e1kona \u010d. 262\/2006 Sb., z\u00e1kon\u00edk pr\u00e1ce, je pak stanoveno, \u017ee v tomto p\u0159\u00edpad\u011b je zam\u011bstnavatel povinen hradit zam\u011bstnanci n\u00e1hradu mzdy ve v\u00fd\u0161i pr\u016fm\u011brn\u00e9ho v\u00fdd\u011blku.&nbsp;<\/p>\n\n\n\n<p>Shodn\u011b uv\u00e1d\u00ed ve sv\u00e9 tiskov\u00e9 zpr\u00e1v\u011b ke koronaviru &nbsp;tak\u00e9 Ministerstvo pr\u00e1ce a soci\u00e1ln\u00edch v\u011bc\u00ed, a to: &#8222;<em>Nedojde-li k dohod\u011b podle bod\u016f 1 a\u017e 4 a je-li zam\u011bstnanec p\u0159ipraven konat pro zam\u011bstnavatele pr\u00e1ci v m\u00edst\u011b v\u00fdkonu pr\u00e1ce, ale zam\u011bstnavatel mu ji nebude p\u0159id\u011blovat, ani\u017e by zam\u011bstnanec s\u00e1m m\u011bl p\u0159ek\u00e1\u017eku v pr\u00e1ci (nap\u0159\u00edklad zam\u011bstnanci nen\u00ed na\u0159\u00edzena karant\u00e9na, ani nen\u00ed v do\u010dasn\u00e9 pracovn\u00ed neschopnosti, ale zam\u011bstnavatel m\u00e1 jen ur\u010dit\u00e9 obavy), jde o p\u0159ek\u00e1\u017eku v pr\u00e1ci na stran\u011b zam\u011bstnavatele a zam\u011bstnanci p\u0159\u00edslu\u0161\u00ed n\u00e1hrada mzdy nebo platu ve v\u00fd\u0161i pr\u016fm\u011brn\u00e9ho v\u00fdd\u011blku<\/em>&#8222;.<\/p>\n\n\n\n<div style=\"height:50px\" aria-hidden=\"true\" class=\"wp-block-spacer\"><\/div>\n\n\n<h2><strong data-rich-text-format-boundary=\"true\">2.\u00a0Jak\u00e1 n\u00e1hrada mzdy n\u00e1le\u017e\u00ed zam\u011bstnanci, kter\u00fd se nach\u00e1z\u00ed v karant\u00e9n\u011b?<\/strong><\/h2>\n\n\n<p>&nbsp;Po dobu karant\u00e9ny m\u00e1 zam\u011bstnanec n\u00e1rok na n\u00e1hradu mzdy, kterou mu vypl\u00e1c\u00ed zam\u011bstnavatel. V prvn\u00edch dvou t\u00fddnech se jedn\u00e1 o 60 % pr\u016fm\u011brn\u00e9 mzdy. D\u00e1le je to 60 %, 66 % a 72 % denn\u00edho vym\u011b\u0159ovac\u00edho z\u00e1kladu v z\u00e1vislosti na d\u00e9lce trv\u00e1n\u00ed. Je to tedy stejn\u00e9 jako na klasick\u00e9 nemocensk\u00e9.<\/p>\n\n\n\n<div style=\"height:50px\" aria-hidden=\"true\" class=\"wp-block-spacer\"><\/div>\n\n\n<h2><strong>3.<\/strong><strong> J<\/strong><strong>ak\u00e1 n\u00e1hrada mzdy n\u00e1le\u017e\u00ed rodi\u010di, kter\u00fd z\u016fstane doma se sv\u00fdmi d\u011btmi?<\/strong><\/h2>\n\n\n<p>Pokud je d\u00edt\u011b mlad\u0161\u00ed 10 let, zam\u011bstnavatel je povinen nep\u0159\u00edtomnost omluvit. Rodi\u010d m\u00e1 n\u00e1rok na tzv. o\u0161et\u0159ovn\u00e9, tedy na 60% pr\u016fm\u011brn\u00e9 mzdy.\u00a0N\u00e1rok na o\u0161et\u0159ovn\u00e9 v\u0161ak nemaj\u00ed zam\u011bstnanci pracuj\u00edc\u00ed\u00a0na z\u00e1klad\u011b dohody o proveden\u00ed pr\u00e1ce nebo\u00a0dohody o pracovn\u00ed \u010dinnosti.<\/p>\n","protected":false},"excerpt":{"rendered":"<p>Dotazy ohledn\u011b Coronaviru se n\u00e1m mno\u017e\u00ed, a tak jsme pro v\u00e1s vybrali ty nej\u010dast\u011bj\u0161\u00ed. Jsme online, sv\u00e9 dotazy m\u016f\u017eete \u0159e\u0161it z domova\u00a0i p\u0159es p\u0159\u00edpadnou karant\u00e9nu. \u00a0 \u00a0\u00a0 1.\u00a0Jak\u00e1 n\u00e1hrada mzdy n\u00e1le\u017e\u00ed zam\u011bstnanci, jeho\u017e zam\u011bstnavatel uzav\u0159el za\u0159\u00edzen\u00ed preventivn\u011b, ani\u017e by to na\u0159\u00eddila vl\u00e1da?\u00a0\u00a0 S ohledem na skute\u010dnost, \u017ee jde o uzav\u0159en\u00ed za\u0159\u00edzen\u00ed z rozhodnut\u00ed zam\u011bstnavatele, p\u016fjde [&hellip;]<\/p>\n","protected":false},"author":3,"featured_media":412,"comment_status":"closed","ping_status":"closed","sticky":false,"template":"","format":"standard","meta":[],"categories":[41,12],"tags":[38,7,29,19,26],"_links":{"self":[{"href":"https:\/\/avogado.cz\/avobook\/wp-json\/wp\/v2\/posts\/405"}],"collection":[{"href":"https:\/\/avogado.cz\/avobook\/wp-json\/wp\/v2\/posts"}],"about":[{"href":"https:\/\/avogado.cz\/avobook\/wp-json\/wp\/v2\/types\/post"}],"author":[{"embeddable":true,"href":"https:\/\/avogado.cz\/avobook\/wp-json\/wp\/v2\/users\/3"}],"replies":[{"embeddable":true,"href":"https:\/\/avogado.cz\/avobook\/wp-json\/wp\/v2\/comments?post=405"}],"version-history":[{"count":6,"href":"https:\/\/avogado.cz\/avobook\/wp-json\/wp\/v2\/posts\/405\/revisions"}],"predecessor-version":[{"id":411,"href":"https:\/\/avogado.cz\/avobook\/wp-json\/wp\/v2\/posts\/405\/revisions\/411"}],"wp:featuredmedia":[{"embeddable":true,"href":"https:\/\/avogado.cz\/avobook\/wp-json\/wp\/v2\/media\/412"}],"wp:attachment":[{"href":"https:\/\/avogado.cz\/avobook\/wp-json\/wp\/v2\/media?parent=405"}],"wp:term":[{"taxonomy":"category","embeddable":true,"href":"https:\/\/avogado.cz\/avobook\/wp-json\/wp\/v2\/categories?post=405"},{"taxonomy":"post_tag","embeddable":true,"href":"https:\/\/avogado.cz\/avobook\/wp-json\/wp\/v2\/tags?post=405"}],"curies":[{"name":"wp","href":"https:\/\/api.w.org\/{rel}","templated":true}]}}