{"id":264,"date":"2020-02-25T10:26:44","date_gmt":"2020-02-25T09:26:44","guid":{"rendered":"http:\/\/avogado.cz\/avobook\/?p=264"},"modified":"2020-09-30T19:33:17","modified_gmt":"2020-09-30T17:33:17","slug":"pribeh-ladislava-neznalost-zamestnavatele-vas-muze-pripravit-o-penize","status":"publish","type":"post","link":"https:\/\/avogado.cz\/avobook\/2020\/02\/25\/pribeh-ladislava-neznalost-zamestnavatele-vas-muze-pripravit-o-penize\/","title":{"rendered":"P\u0159\u00edb\u011bh Ladislava: neznalost zam\u011bstnavatele v\u00e1s m\u016f\u017ee p\u0159ipravit o pen\u00edze"},"content":{"rendered":"\n<h4>Nikdo nen\u00ed v\u0161ev\u011bdouc\u00ed a tak se m\u016f\u017ee st\u00e1t, \u017ee ani zam\u011bstnavatel nev\u00ed v\u0161echno, co by m\u011bl. To si za\u017eil na vlastn\u00ed k\u016f\u017ei i pan Ladislav.<\/h4>\n\n\n\n<div style=\"height:20px\" aria-hidden=\"true\" class=\"wp-block-spacer\"><\/div>\n\n\n\n<p>P\u0159ed p\u00e1r lety se stal panu Ladislavovi pracovn\u00ed \u00faraz. Zam\u011bstnavatel ho nejprve necht\u011bl uznat, ale nakonec pochopil, \u017ee z\u00e1konn\u00e9 od\u0161kodn\u011bn\u00ed vyplat\u00ed poji\u0161\u0165ovna a tak se p\u0159estal br\u00e1nit. Pan Ladislav si p\u0159i pr\u00e1ci zlomil kr\u010dn\u00ed obratel a prod\u011blal ot\u0159es mozku. L\u00e9\u010dil se, rehabilitoval, ale ani po dvou letech pot\u00ed\u017ee \u00fapln\u011b nezmizely.<\/p>\n\n\n\n<div style=\"height:20px\" aria-hidden=\"true\" class=\"wp-block-spacer\"><\/div>\n\n\n\n<p>Nejprve se obr\u00e1til na sv\u00e9ho zam\u011bstnavatele. Ten mu v\u0161ak \u0159ekl, \u017ee u\u017e dostal zaplaceno v\u0161e. Pan Ladislav se v\u0161ak nedal, vyhledal n\u00e1s a informace si ov\u011b\u0159il. V Avogadu jsme p\u0159\u00edpad ihned p\u0159evzali, zpracovali pot\u0159ebn\u00e9 znaleck\u00e9 posudky a v\u0161e zam\u011bstnavateli vysv\u011btlili. Pan Ladislav za sv\u00e9 trval\u00e9 n\u00e1sledky obdr\u017eel 103 000,- K\u010d.<\/p>\n\n\n\n<div style=\"height:20px\" aria-hidden=\"true\" class=\"wp-block-spacer\"><\/div>\n\n\n\n<div class=\"wp-block-button\"><a class=\"wp-block-button__link has-text-color has-very-light-gray-color has-background no-border-radius\" href=\"https:\/\/avogado.cz\/odskodneni\/\" style=\"background-color:#251065\">ZDARMA POSOUDIT P\u0158\u00cdPAD<\/a><\/div>\n","protected":false},"excerpt":{"rendered":"<p>Nikdo nen\u00ed v\u0161ev\u011bdouc\u00ed a tak se m\u016f\u017ee st\u00e1t, \u017ee ani zam\u011bstnavatel nev\u00ed v\u0161echno, co by m\u011bl. To si za\u017eil na vlastn\u00ed k\u016f\u017ei i pan Ladislav. P\u0159ed p\u00e1r lety se stal panu Ladislavovi pracovn\u00ed \u00faraz. Zam\u011bstnavatel ho nejprve necht\u011bl uznat, ale nakonec pochopil, \u017ee z\u00e1konn\u00e9 od\u0161kodn\u011bn\u00ed vyplat\u00ed poji\u0161\u0165ovna a tak se p\u0159estal br\u00e1nit. Pan Ladislav si [&hellip;]<\/p>\n","protected":false},"author":3,"featured_media":265,"comment_status":"closed","ping_status":"closed","sticky":false,"template":"","format":"standard","meta":[],"categories":[10],"tags":[6,8,26],"_links":{"self":[{"href":"https:\/\/avogado.cz\/avobook\/wp-json\/wp\/v2\/posts\/264"}],"collection":[{"href":"https:\/\/avogado.cz\/avobook\/wp-json\/wp\/v2\/posts"}],"about":[{"href":"https:\/\/avogado.cz\/avobook\/wp-json\/wp\/v2\/types\/post"}],"author":[{"embeddable":true,"href":"https:\/\/avogado.cz\/avobook\/wp-json\/wp\/v2\/users\/3"}],"replies":[{"embeddable":true,"href":"https:\/\/avogado.cz\/avobook\/wp-json\/wp\/v2\/comments?post=264"}],"version-history":[{"count":2,"href":"https:\/\/avogado.cz\/avobook\/wp-json\/wp\/v2\/posts\/264\/revisions"}],"predecessor-version":[{"id":627,"href":"https:\/\/avogado.cz\/avobook\/wp-json\/wp\/v2\/posts\/264\/revisions\/627"}],"wp:featuredmedia":[{"embeddable":true,"href":"https:\/\/avogado.cz\/avobook\/wp-json\/wp\/v2\/media\/265"}],"wp:attachment":[{"href":"https:\/\/avogado.cz\/avobook\/wp-json\/wp\/v2\/media?parent=264"}],"wp:term":[{"taxonomy":"category","embeddable":true,"href":"https:\/\/avogado.cz\/avobook\/wp-json\/wp\/v2\/categories?post=264"},{"taxonomy":"post_tag","embeddable":true,"href":"https:\/\/avogado.cz\/avobook\/wp-json\/wp\/v2\/tags?post=264"}],"curies":[{"name":"wp","href":"https:\/\/api.w.org\/{rel}","templated":true}]}}