{"id":238,"date":"2020-02-24T15:27:20","date_gmt":"2020-02-24T14:27:20","guid":{"rendered":"http:\/\/avogado.cz\/avobook\/?p=238"},"modified":"2020-02-24T15:27:21","modified_gmt":"2020-02-24T14:27:21","slug":"neda-se-nic-delat-rozvod-je-nevyhnutelny-co-ted","status":"publish","type":"post","link":"https:\/\/avogado.cz\/avobook\/2020\/02\/24\/neda-se-nic-delat-rozvod-je-nevyhnutelny-co-ted\/","title":{"rendered":"Ned\u00e1 se nic d\u011blat, rozvod je nevyhnuteln\u00fd. Co te\u010f?"},"content":{"rendered":"\n<h4>Dne 1.1.2014 vstoupil v \u00fa\u010dinnost nov\u00fd ob\u010dansk\u00fd z\u00e1kon\u00edk, z\u00e1k. \u010d. 89\/2012 Sb. Tento z\u00e1kon zru\u0161il \u0159adu p\u0159edpis\u016f, mezi nimi tak\u00e9 z\u00e1kon o rodin\u011b. Co se tedy zm\u011bnilo a jak je tedy mo\u017en\u00e9 se dnes rozv\u00e9st?<\/h4>\n\n\n\n<p>P\u0159es novou pr\u00e1vn\u00ed \u00fapravu z\u016fst\u00e1v\u00e1 zachov\u00e1na koncepce tzv. sporn\u00e9ho s nesporn\u00e9ho rozvodu. Slovo sporn\u00fd a nesporn\u00fd v\u0161ak v nov\u00e9m ob\u010dansk\u00e9m z\u00e1kon\u00edku nenajdete. Sporn\u00fd rozvod je takov\u00fd, kde soud zji\u0161\u0165uje p\u0159\u00ed\u010diny rozvratu man\u017eelstv\u00ed, nesporn\u00fd ten, kde tomu takto nen\u00ed.<\/p>\n\n\n\n<div style=\"height:20px\" aria-hidden=\"true\" class=\"wp-block-spacer\"><\/div>\n\n\n\n<p>Z\u00e1kladn\u00edm p\u0159edpokladem proto, aby man\u017eelstv\u00ed bylo soudem rozvedeno, je, \u017ee sou\u017eit\u00ed man\u017eel\u016f je hluboce, trvale a nenapraviteln\u011b rozvr\u00e1ceno, a nelze o\u010dek\u00e1vat jeho obnoven\u00ed. Nicm\u00e9n\u011b i z tohoto pravidla existuj\u00ed v\u00fdjimky \u2013 tedy i pokud spl\u0148ujete v\u00fd\u0161e uveden\u00e9, soud V\u00e1s nerozvede v p\u0159\u00edpad\u011b, pokud by rozvod byl v rozporu:<\/p>\n\n\n\n<p>a) bu\u010fto se z\u00e1jmem Va\u0161eho nezletil\u00e9ho d\u00edt\u011bte, kter\u00fd je d\u00e1n ur\u010dit\u00fdmi zvl\u00e1\u0161tn\u00edmi d\u016fvody, nebo<br>b) se z\u00e1jmem toho man\u017eela, kter\u00fd se na rozvratu poru\u0161en\u00edm man\u017eelsk\u00fdch povinnost\u00ed p\u0159ev\u00e1\u017en\u011b nepod\u00edlel a kter\u00e9mu by byla z\u00e1rove\u0148 rozvodem zp\u016fsobena zvl\u00e1\u0161\u0165 z\u00e1va\u017en\u00e1 \u00fajma (nicm\u00e9n\u011b op\u011bt existuje v\u00fdjimka z v\u00fdjimky \u2013 tedy toto neplat\u00ed, pokud man\u017eel\u00e9 spolu ji\u017e ne\u017eij\u00ed alespo\u0148 po dobu t\u0159\u00ed let).<\/p>\n\n\n\n<div style=\"height:20px\" aria-hidden=\"true\" class=\"wp-block-spacer\"><\/div>\n\n\n\n<p>Dal\u0161\u00edm d\u016fle\u017eit\u00fdm pravidlem je, \u017ee Va\u0161e man\u017eelstv\u00ed nem\u016f\u017ee b\u00fdt rozvedeno, dokud soud nerozhodne o pom\u011brech Va\u0161eho nezletil\u00e9ho d\u00edt\u011bte (pokud jej samoz\u0159ejm\u011b m\u00e1te) v dob\u011b po rozvodu man\u017eelstv\u00ed. Tedy soud nejd\u0159\u00edve rozhoduje o tom, komu sv\u011b\u0159\u00ed d\u00edt\u011b do p\u00e9\u010de a teprve potom je mo\u017en\u00e9 man\u017eelstv\u00ed rozv\u00e9st. Opa\u010dn\u00fd postup nen\u00ed mo\u017en\u00fd.<\/p>\n\n\n\n<div style=\"height:20px\" aria-hidden=\"true\" class=\"wp-block-spacer\"><\/div>\n\n\n\n<p>A jak\u00fd je tedy rozd\u00edl mezi tzv. sporn\u00fdm a nesporn\u00fdm rozvodem?<\/p>\n\n\n\n<p>Jak ji\u017e bylo uvedeno v\u00fd\u0161e, p\u0159i sporn\u00e9m rozvodu man\u017eelstv\u00ed soud zji\u0161\u0165uje, pro\u010d se Va\u0161e man\u017eelstv\u00ed rozpadlo. Toto m\u016f\u017ee b\u00fdt velmi psychicky n\u00e1ro\u010dn\u00e9, nav\u00edc nem\u00e1te najisto postaveno majetkov\u00e9 vypo\u0159\u00e1d\u00e1n\u00ed spole\u010dn\u00e9ho jm\u011bn\u00ed man\u017eel\u016f \u2013 tedy majetku, kter\u00fd pat\u0159\u00ed V\u00e1m ob\u011bma.<\/p>\n\n\n\n<p>Pokud je to mo\u017en\u00e9, v\u017edy je lep\u0161\u00ed se pokusit naj\u00edt cestu k nesporn\u00e9mu rozvodu. V p\u0159\u00edpad\u011b nesporn\u00e9ho rozvodu soud nezji\u0161\u0165uje, pro\u010d se Va\u0161e man\u017eelstv\u00ed rozpadlo, domluv\u00edte se na tom, kdo bude pe\u010dovat a v jak\u00e9m rozsahu o d\u011bti a nav\u00edc m\u00e1te najisto postaveny majetkov\u00e9 vztahy, eventu\u00e1ln\u011b vy\u0159e\u0161eno v\u00fd\u017eivn\u00e9.<\/p>\n\n\n\n<div style=\"height:20px\" aria-hidden=\"true\" class=\"wp-block-spacer\"><\/div>\n\n\n\n<p>K nesporn\u00e9mu rozvodu man\u017eelstv\u00ed mus\u00edte v\u0161ak splnit ur\u010dit\u00e9 podm\u00ednky. Podm\u00ednkou prvn\u00ed je, \u017ee n\u00e1vrh na rozvod man\u017eelstv\u00ed podaj\u00ed man\u017eel\u00e9 spole\u010dn\u011b, pop\u0159\u00edpad\u011b jej pod\u00e1 jen jeden z man\u017eel\u016f a ten druh\u00fd se k n\u00e1vrhu p\u0159ipoj\u00ed. Dal\u0161\u00ed podm\u00ednkou je, \u017ee ke dni zah\u00e1jen\u00ed \u0159\u00edzen\u00ed o rozvod trvalo man\u017eelstv\u00ed nejm\u00e9n\u011b jeden rok a nav\u00edc jako man\u017eel\u00e9 spolu ji\u017e d\u00e9le ne\u017e \u0161est m\u011bs\u00edc\u016f nebudete \u017e\u00edt. D\u00e1le je samoz\u0159ejm\u011b d\u016fle\u017eit\u00e9 m\u00edt vy\u0159e\u0161en\u00e9 vztahy k d\u011btem. Pokud m\u00e1te d\u011bti nezletil\u00e9, je nutn\u00e9, abyste se dohodli, jak\u00fdm zp\u016fsobem se o tyto d\u011bti po rozvodu budete starat, a soud V\u00e1m takovouto dohodu schv\u00e1lil. A v neposledn\u00ed \u0159ad\u011b se mus\u00edte tak\u00e9 dohodnou na \u00faprav\u011b sv\u00fdm majetkov\u00fdch pom\u011br\u016f, sv\u00e9ho bydlen\u00ed, a pop\u0159\u00edpad\u011b v\u00fd\u017eivn\u00e9m pro dobu po rozvodu. Co se t\u00fdk\u00e1 samotn\u00e9 \u00fa\u010dasti u soudu, je nutn\u00e9 (a\u017e tedy na ur\u010dit\u00e9 specifick\u00e9 v\u00fdjimky), aby se oba dva man\u017eel\u00e9 k soudu dostavili a nen\u00ed mo\u017en\u00e9 je rozv\u00e9st bez jejich osobn\u00ed p\u0159\u00edtomnosti.<\/p>\n\n\n\n<div style=\"height:20px\" aria-hidden=\"true\" class=\"wp-block-spacer\"><\/div>\n\n\n\n<p>Z\u00e1v\u011brem tedy \u2013 st\u00e1le je mo\u017en\u00e9 m\u00edt rozvod tzv. sporn\u00fd a nesporn\u00fd. Pokud se chcete rozv\u00e9st nesporn\u011b, tedy aby soud nezji\u0161\u0165oval, pro\u010d se Va\u0161e man\u017eelstv\u00ed rozpadlo a m\u00edt vy\u0159e\u0161enou p\u00e9\u010di o d\u011bti, majetkov\u00e9 pom\u011bry a tak\u00e9 bydlen\u00ed, ev. v\u00fd\u017eivn\u00e9, je nutno sepsat dohodu upravuj\u00edc\u00ed p\u00e9\u010di o d\u011bti, kterou V\u00e1m soud mus\u00ed schv\u00e1lit a tak\u00e9 dohodu o vypo\u0159\u00e1d\u00e1n\u00ed va\u0161eho spole\u010dn\u00e9ho majetku, kter\u00e1 tak\u00e9 podl\u00e9h\u00e1 schv\u00e1len\u00ed soudu.<\/p>\n\n\n\n<h4>\u0158e\u0161\u00edm stejnou situaci a&nbsp;<strong><a href=\"https:\/\/moje.avogado.cz\/\" target=\"_blank\" rel=\"noreferrer noopener\">CHCI RADU ADVOK\u00c1TA.<\/a><\/strong><\/h4>\n\n\n\n<p>Nem\u00e1m svou diskr\u00e9tn\u00ed z\u00f3nu, ale&nbsp;<a href=\"https:\/\/avogado.cz\/chci-sveho-pravnika\/\" target=\"_blank\" rel=\"noreferrer noopener\">chci se registrovat<\/a>. Nev\u00edte si rady?&nbsp;<a href=\"https:\/\/avogado.cz\/o-nas\/\" target=\"_blank\" rel=\"noreferrer noopener\">Kontaktujte n\u00e1s.<\/a>&nbsp;<\/p>\n","protected":false},"excerpt":{"rendered":"<p>Dne 1.1.2014 vstoupil v \u00fa\u010dinnost nov\u00fd ob\u010dansk\u00fd z\u00e1kon\u00edk, z\u00e1k. \u010d. 89\/2012 Sb. Tento z\u00e1kon zru\u0161il \u0159adu p\u0159edpis\u016f, mezi nimi tak\u00e9 z\u00e1kon o rodin\u011b. Co se tedy zm\u011bnilo a jak je tedy mo\u017en\u00e9 se dnes rozv\u00e9st? P\u0159es novou pr\u00e1vn\u00ed \u00fapravu z\u016fst\u00e1v\u00e1 zachov\u00e1na koncepce tzv. sporn\u00e9ho s nesporn\u00e9ho rozvodu. Slovo sporn\u00fd a nesporn\u00fd v\u0161ak v nov\u00e9m ob\u010dansk\u00e9m [&hellip;]<\/p>\n","protected":false},"author":3,"featured_media":239,"comment_status":"closed","ping_status":"closed","sticky":false,"template":"","format":"standard","meta":[],"categories":[12],"tags":[17,24,7,20],"_links":{"self":[{"href":"https:\/\/avogado.cz\/avobook\/wp-json\/wp\/v2\/posts\/238"}],"collection":[{"href":"https:\/\/avogado.cz\/avobook\/wp-json\/wp\/v2\/posts"}],"about":[{"href":"https:\/\/avogado.cz\/avobook\/wp-json\/wp\/v2\/types\/post"}],"author":[{"embeddable":true,"href":"https:\/\/avogado.cz\/avobook\/wp-json\/wp\/v2\/users\/3"}],"replies":[{"embeddable":true,"href":"https:\/\/avogado.cz\/avobook\/wp-json\/wp\/v2\/comments?post=238"}],"version-history":[{"count":1,"href":"https:\/\/avogado.cz\/avobook\/wp-json\/wp\/v2\/posts\/238\/revisions"}],"predecessor-version":[{"id":240,"href":"https:\/\/avogado.cz\/avobook\/wp-json\/wp\/v2\/posts\/238\/revisions\/240"}],"wp:featuredmedia":[{"embeddable":true,"href":"https:\/\/avogado.cz\/avobook\/wp-json\/wp\/v2\/media\/239"}],"wp:attachment":[{"href":"https:\/\/avogado.cz\/avobook\/wp-json\/wp\/v2\/media?parent=238"}],"wp:term":[{"taxonomy":"category","embeddable":true,"href":"https:\/\/avogado.cz\/avobook\/wp-json\/wp\/v2\/categories?post=238"},{"taxonomy":"post_tag","embeddable":true,"href":"https:\/\/avogado.cz\/avobook\/wp-json\/wp\/v2\/tags?post=238"}],"curies":[{"name":"wp","href":"https:\/\/api.w.org\/{rel}","templated":true}]}}