{"id":223,"date":"2020-02-24T14:30:45","date_gmt":"2020-02-24T13:30:45","guid":{"rendered":"http:\/\/avogado.cz\/avobook\/?p=223"},"modified":"2020-02-24T19:30:59","modified_gmt":"2020-02-24T18:30:59","slug":"pravni-tip-jak-darovat-nemovitost-detem-a-neprijit-o-svuj-domov","status":"publish","type":"post","link":"https:\/\/avogado.cz\/avobook\/2020\/02\/24\/pravni-tip-jak-darovat-nemovitost-detem-a-neprijit-o-svuj-domov\/","title":{"rendered":"Jak darovat nemovitost d\u011btem a nep\u0159ij\u00edt o sv\u016fj domov"},"content":{"rendered":"\n<p>Rodi\u010de \u010dasto \u0159e\u0161\u00ed probl\u00e9m \u2013 cht\u011bj\u00ed darovat sv\u00fdm d\u011btem nemovitost, ale z\u00e1rove\u0148 m\u00edt jistotu, \u017ee v n\u00ed budou moci z\u016fstat. Jak\u00e9 je nejlep\u0161\u00ed \u0159e\u0161en\u00ed?<\/p>\n\n\n\n<p>V takov\u00e9m p\u0159\u00edpad\u011b je nutn\u00e9 z\u0159\u00eddit si v\u011b\u010dn\u00e9 b\u0159emeno, d\u00edky kter\u00e9mu je to mo\u017en\u00e9. Jednoduch\u00fdm \u0159e\u0161en\u00edm je zakomponov\u00e1n\u00ed v\u011b\u010dn\u00e9ho b\u0159emene p\u0159\u00edmo do darovac\u00ed smlouvy. Neplat\u00edte tedy dvakr\u00e1t a to ani u advok\u00e1ta, ani na katastru.<\/p>\n\n\n\n<h4>\u0158e\u0161\u00edm stejnou situaci a&nbsp;<strong><a href=\"https:\/\/moje.avogado.cz\/\" target=\"_blank\" rel=\"noreferrer noopener\">CHCI RADU ADVOK\u00c1TA.<\/a><\/strong><\/h4>\n\n\n\n<p>Nem\u00e1m svou diskr\u00e9tn\u00ed z\u00f3nu, ale&nbsp;<a href=\"https:\/\/avogado.cz\/chci-sveho-pravnika\/\" target=\"_blank\" rel=\"noreferrer noopener\">chci se registrovat<\/a>. Nev\u00edte si rady?&nbsp;<a href=\"https:\/\/avogado.cz\/o-nas\/\" target=\"_blank\" rel=\"noreferrer noopener\">Kontaktujte n\u00e1s.<\/a>&nbsp;<\/p>\n","protected":false},"excerpt":{"rendered":"<p>Rodi\u010de \u010dasto \u0159e\u0161\u00ed probl\u00e9m \u2013 cht\u011bj\u00ed darovat sv\u00fdm d\u011btem nemovitost, ale z\u00e1rove\u0148 m\u00edt jistotu, \u017ee v n\u00ed budou moci z\u016fstat. Jak\u00e9 je nejlep\u0161\u00ed \u0159e\u0161en\u00ed? V takov\u00e9m p\u0159\u00edpad\u011b je nutn\u00e9 z\u0159\u00eddit si v\u011b\u010dn\u00e9 b\u0159emeno, d\u00edky kter\u00e9mu je to mo\u017en\u00e9. Jednoduch\u00fdm \u0159e\u0161en\u00edm je zakomponov\u00e1n\u00ed v\u011b\u010dn\u00e9ho b\u0159emene p\u0159\u00edmo do darovac\u00ed smlouvy. Neplat\u00edte tedy dvakr\u00e1t a to ani u [&hellip;]<\/p>\n","protected":false},"author":3,"featured_media":225,"comment_status":"closed","ping_status":"closed","sticky":false,"template":"","format":"standard","meta":[],"categories":[12,14],"tags":[17,21,19,22],"_links":{"self":[{"href":"https:\/\/avogado.cz\/avobook\/wp-json\/wp\/v2\/posts\/223"}],"collection":[{"href":"https:\/\/avogado.cz\/avobook\/wp-json\/wp\/v2\/posts"}],"about":[{"href":"https:\/\/avogado.cz\/avobook\/wp-json\/wp\/v2\/types\/post"}],"author":[{"embeddable":true,"href":"https:\/\/avogado.cz\/avobook\/wp-json\/wp\/v2\/users\/3"}],"replies":[{"embeddable":true,"href":"https:\/\/avogado.cz\/avobook\/wp-json\/wp\/v2\/comments?post=223"}],"version-history":[{"count":2,"href":"https:\/\/avogado.cz\/avobook\/wp-json\/wp\/v2\/posts\/223\/revisions"}],"predecessor-version":[{"id":243,"href":"https:\/\/avogado.cz\/avobook\/wp-json\/wp\/v2\/posts\/223\/revisions\/243"}],"wp:featuredmedia":[{"embeddable":true,"href":"https:\/\/avogado.cz\/avobook\/wp-json\/wp\/v2\/media\/225"}],"wp:attachment":[{"href":"https:\/\/avogado.cz\/avobook\/wp-json\/wp\/v2\/media?parent=223"}],"wp:term":[{"taxonomy":"category","embeddable":true,"href":"https:\/\/avogado.cz\/avobook\/wp-json\/wp\/v2\/categories?post=223"},{"taxonomy":"post_tag","embeddable":true,"href":"https:\/\/avogado.cz\/avobook\/wp-json\/wp\/v2\/tags?post=223"}],"curies":[{"name":"wp","href":"https:\/\/api.w.org\/{rel}","templated":true}]}}