{"id":219,"date":"2020-02-24T14:19:41","date_gmt":"2020-02-24T13:19:41","guid":{"rendered":"http:\/\/avogado.cz\/avobook\/?p=219"},"modified":"2020-02-24T14:19:43","modified_gmt":"2020-02-24T13:19:43","slug":"pravni-tip-prvnacek-muze-zpusobit-zvyseni-vyzivneho","status":"publish","type":"post","link":"https:\/\/avogado.cz\/avobook\/2020\/02\/24\/pravni-tip-prvnacek-muze-zpusobit-zvyseni-vyzivneho\/","title":{"rendered":"Pr\u00e1vn\u00ed tip \u2013 prv\u0148\u00e1\u010dek m\u016f\u017ee zp\u016fsobit zv\u00fd\u0161en\u00ed v\u00fd\u017eivn\u00e9ho"},"content":{"rendered":"\n<p>S n\u00e1stupem d\u00edt\u011bte do \u0161koly jsou spojeny nemal\u00e9 n\u00e1klady a pr\u00e1v\u011b zapo\u010det\u00ed \u0161koln\u00ed doch\u00e1zky m\u016f\u017eeme pova\u017eovat za tzv. zm\u011bnu pom\u011br\u016f na stran\u011b nezletil\u00e9ho d\u00edt\u011bte. Ta od\u016fvod\u0148uje zv\u00fd\u0161en\u00ed v\u00fd\u017eivn\u00e9ho na \u00fahradu jeho pot\u0159eb. Av\u0161ak v\u011bd\u011bli jste, \u017ee i pokud jste nen\u00e1rokovali zv\u00fd\u0161en\u00ed v\u00fd\u017eivn\u00e9ho hned, nen\u00ed pot\u0159eba se ob\u00e1vat a je mo\u017en\u00e9 \u017e\u00e1dat zv\u00fd\u0161en\u00ed v\u00fd\u017eivn\u00e9ho pro nezletil\u00e9 d\u00edt\u011b i zp\u011btn\u011b, a to a\u017e za posledn\u00ed t\u0159i roky?<\/p>\n\n\n\n<h4>\u0158e\u0161\u00edm stejnou situaci a&nbsp;<strong><a href=\"https:\/\/moje.avogado.cz\/\" target=\"_blank\" rel=\"noreferrer noopener\">CHCI RADU ADVOK\u00c1TA.<\/a><\/strong><\/h4>\n\n\n\n<p>Nem\u00e1m svou diskr\u00e9tn\u00ed z\u00f3nu, ale&nbsp;<a href=\"https:\/\/avogado.cz\/chci-sveho-pravnika\/\" target=\"_blank\" rel=\"noreferrer noopener\">chci se registrovat<\/a>. Nev\u00edte si rady?&nbsp;<a href=\"https:\/\/avogado.cz\/o-nas\/\" target=\"_blank\" rel=\"noreferrer noopener\">Kontaktujte n\u00e1s.<\/a>&nbsp;<\/p>\n","protected":false},"excerpt":{"rendered":"<p>S n\u00e1stupem d\u00edt\u011bte do \u0161koly jsou spojeny nemal\u00e9 n\u00e1klady a pr\u00e1v\u011b zapo\u010det\u00ed \u0161koln\u00ed doch\u00e1zky m\u016f\u017eeme pova\u017eovat za tzv. zm\u011bnu pom\u011br\u016f na stran\u011b nezletil\u00e9ho d\u00edt\u011bte. Ta od\u016fvod\u0148uje zv\u00fd\u0161en\u00ed v\u00fd\u017eivn\u00e9ho na \u00fahradu jeho pot\u0159eb. Av\u0161ak v\u011bd\u011bli jste, \u017ee i pokud jste nen\u00e1rokovali zv\u00fd\u0161en\u00ed v\u00fd\u017eivn\u00e9ho hned, nen\u00ed pot\u0159eba se ob\u00e1vat a je mo\u017en\u00e9 \u017e\u00e1dat zv\u00fd\u0161en\u00ed v\u00fd\u017eivn\u00e9ho pro nezletil\u00e9 [&hellip;]<\/p>\n","protected":false},"author":3,"featured_media":220,"comment_status":"closed","ping_status":"closed","sticky":false,"template":"","format":"standard","meta":[],"categories":[12,14],"tags":[17,7,20],"_links":{"self":[{"href":"https:\/\/avogado.cz\/avobook\/wp-json\/wp\/v2\/posts\/219"}],"collection":[{"href":"https:\/\/avogado.cz\/avobook\/wp-json\/wp\/v2\/posts"}],"about":[{"href":"https:\/\/avogado.cz\/avobook\/wp-json\/wp\/v2\/types\/post"}],"author":[{"embeddable":true,"href":"https:\/\/avogado.cz\/avobook\/wp-json\/wp\/v2\/users\/3"}],"replies":[{"embeddable":true,"href":"https:\/\/avogado.cz\/avobook\/wp-json\/wp\/v2\/comments?post=219"}],"version-history":[{"count":2,"href":"https:\/\/avogado.cz\/avobook\/wp-json\/wp\/v2\/posts\/219\/revisions"}],"predecessor-version":[{"id":222,"href":"https:\/\/avogado.cz\/avobook\/wp-json\/wp\/v2\/posts\/219\/revisions\/222"}],"wp:featuredmedia":[{"embeddable":true,"href":"https:\/\/avogado.cz\/avobook\/wp-json\/wp\/v2\/media\/220"}],"wp:attachment":[{"href":"https:\/\/avogado.cz\/avobook\/wp-json\/wp\/v2\/media?parent=219"}],"wp:term":[{"taxonomy":"category","embeddable":true,"href":"https:\/\/avogado.cz\/avobook\/wp-json\/wp\/v2\/categories?post=219"},{"taxonomy":"post_tag","embeddable":true,"href":"https:\/\/avogado.cz\/avobook\/wp-json\/wp\/v2\/tags?post=219"}],"curies":[{"name":"wp","href":"https:\/\/api.w.org\/{rel}","templated":true}]}}