{"id":206,"date":"2020-02-24T13:41:16","date_gmt":"2020-02-24T12:41:16","guid":{"rendered":"http:\/\/avogado.cz\/avobook\/?p=206"},"modified":"2020-02-24T19:33:45","modified_gmt":"2020-02-24T18:33:45","slug":"pravni-tip-kdyz-nemuze-platit-rodic-pozadejte-prarodice-rika-zakon","status":"publish","type":"post","link":"https:\/\/avogado.cz\/avobook\/2020\/02\/24\/pravni-tip-kdyz-nemuze-platit-rodic-pozadejte-prarodice-rika-zakon\/","title":{"rendered":"Kdy\u017e nem\u016f\u017ee platit rodi\u010d, po\u017e\u00e1dejte prarodi\u010de, \u0159\u00edk\u00e1 z\u00e1kon"},"content":{"rendered":"\n<h4>V\u011bd\u011bli jste, \u017ee v p\u0159\u00edpad\u011b, \u017ee rodi\u010d d\u00edt\u011bte nen\u00ed schopen plnit svou vy\u017eivovac\u00ed povinnost, je mo\u017en\u00e9 \u017e\u00e1dat v\u00fd\u017eivn\u00e9 po prarodi\u010d\u00edch?<\/h4>\n\n\n\n<p>P\u0159edci a potomci maj\u00ed vz\u00e1jemnou vy\u017eivovac\u00ed povinnost. Pokud nepln\u00ed vy\u017eivovac\u00ed povinnost rodi\u010d, je mo\u017en\u00e9 \u017e\u00e1dat v\u00fd\u017eivn\u00e9 po prarodi\u010d\u00edch. D\u00e1le je nutn\u00e9, aby nebylo d\u00edt\u011b schopno samo se \u017eivit. Pokud jsou spln\u011bny tyto podm\u00ednky, je mo\u017en\u00e9 \u017e\u00e1dat prarodi\u010de o v\u00fd\u017eivn\u00e9 pro d\u00edt\u011b. Pokud se stany nedohodnou na jeho v\u00fd\u0161i, je mo\u017en\u00e9 obr\u00e1tit se na soud. Na jedn\u00e9 stran\u011b bude soud p\u0159i ur\u010den\u00ed rozsahu v\u00fd\u017eivn\u00e9ho br\u00e1t v potaz od\u016fvodn\u011bn\u00e9 pot\u0159eby d\u00edt\u011bte. Od\u016fvodn\u011bnou pot\u0159ebou d\u00edt\u011bte v\u0161ak nen\u00ed pouze to, aby m\u011blo kde sp\u00e1t a co j\u00edst, ale tak\u00e9, aby se mohlo za\u010dlenit do spole\u010dnosti, chodit do \u0161koly a tak\u00e9 jeho dal\u0161\u00ed pot\u0159eby. Na stran\u011b druh\u00e9 bude p\u0159ihl\u00ed\u017eet k mo\u017enostem, schopnostem a majetkov\u00fdm pom\u011br\u016fm prarodi\u010d\u016f, jako\u017e i dal\u0161\u00edch osob, kter\u00e9 jsou povinny v\u00fd\u017eivn\u00e9 d\u00edt\u011bti poskytovat.<\/p>\n\n\n\n<h4>\u0158e\u0161\u00edm stejnou situaci a&nbsp;<strong><a href=\"https:\/\/moje.avogado.cz\/\" target=\"_blank\" rel=\"noreferrer noopener\">CHCI RADU ADVOK\u00c1TA.<\/a><\/strong><\/h4>\n\n\n\n<p>Nem\u00e1m svou diskr\u00e9tn\u00ed z\u00f3nu, ale&nbsp;<a href=\"https:\/\/avogado.cz\/chci-sveho-pravnika\/\" target=\"_blank\" rel=\"noreferrer noopener\">chci se registrovat<\/a>. Nev\u00edte si rady?&nbsp;<a href=\"https:\/\/avogado.cz\/o-nas\/\" target=\"_blank\" rel=\"noreferrer noopener\">Kontaktujte n\u00e1s.<\/a><\/p>\n","protected":false},"excerpt":{"rendered":"<p>V\u011bd\u011bli jste, \u017ee v p\u0159\u00edpad\u011b, \u017ee rodi\u010d d\u00edt\u011bte nen\u00ed schopen plnit svou vy\u017eivovac\u00ed povinnost, je mo\u017en\u00e9 \u017e\u00e1dat v\u00fd\u017eivn\u00e9 po prarodi\u010d\u00edch? P\u0159edci a potomci maj\u00ed vz\u00e1jemnou vy\u017eivovac\u00ed povinnost. Pokud nepln\u00ed vy\u017eivovac\u00ed povinnost rodi\u010d, je mo\u017en\u00e9 \u017e\u00e1dat v\u00fd\u017eivn\u00e9 po prarodi\u010d\u00edch. D\u00e1le je nutn\u00e9, aby nebylo d\u00edt\u011b schopno samo se \u017eivit. Pokud jsou spln\u011bny tyto podm\u00ednky, je mo\u017en\u00e9 [&hellip;]<\/p>\n","protected":false},"author":3,"featured_media":218,"comment_status":"closed","ping_status":"closed","sticky":false,"template":"","format":"standard","meta":[],"categories":[14],"tags":[17,18,7,19,20],"_links":{"self":[{"href":"https:\/\/avogado.cz\/avobook\/wp-json\/wp\/v2\/posts\/206"}],"collection":[{"href":"https:\/\/avogado.cz\/avobook\/wp-json\/wp\/v2\/posts"}],"about":[{"href":"https:\/\/avogado.cz\/avobook\/wp-json\/wp\/v2\/types\/post"}],"author":[{"embeddable":true,"href":"https:\/\/avogado.cz\/avobook\/wp-json\/wp\/v2\/users\/3"}],"replies":[{"embeddable":true,"href":"https:\/\/avogado.cz\/avobook\/wp-json\/wp\/v2\/comments?post=206"}],"version-history":[{"count":7,"href":"https:\/\/avogado.cz\/avobook\/wp-json\/wp\/v2\/posts\/206\/revisions"}],"predecessor-version":[{"id":248,"href":"https:\/\/avogado.cz\/avobook\/wp-json\/wp\/v2\/posts\/206\/revisions\/248"}],"wp:featuredmedia":[{"embeddable":true,"href":"https:\/\/avogado.cz\/avobook\/wp-json\/wp\/v2\/media\/218"}],"wp:attachment":[{"href":"https:\/\/avogado.cz\/avobook\/wp-json\/wp\/v2\/media?parent=206"}],"wp:term":[{"taxonomy":"category","embeddable":true,"href":"https:\/\/avogado.cz\/avobook\/wp-json\/wp\/v2\/categories?post=206"},{"taxonomy":"post_tag","embeddable":true,"href":"https:\/\/avogado.cz\/avobook\/wp-json\/wp\/v2\/tags?post=206"}],"curies":[{"name":"wp","href":"https:\/\/api.w.org\/{rel}","templated":true}]}}